{"id":238,"date":"2021-04-23T16:41:23","date_gmt":"2021-04-23T19:41:23","guid":{"rendered":"http:\/\/www.ceciliademedeiros.com.ar\/?p=238"},"modified":"2021-04-23T17:23:11","modified_gmt":"2021-04-23T20:23:11","slug":"volver-a-verte","status":"publish","type":"post","link":"https:\/\/www.ceciliademedeiros.com.ar\/wordpress\/afuera\/volver-a-verte\/","title":{"rendered":"VOLVER A VERTE"},"content":{"rendered":"\n<p><\/p>\n\n\n<figure class=\"wp-block-embed wp-block-embed-youtube is-type-video is-provider-youtube epyt-figure\"><div class=\"wp-block-embed__wrapper\"><div class=\"epyt-video-wrapper\"><iframe loading=\"lazy\"  id=\"_ytid_43847\"  width=\"480\" height=\"270\"  data-origwidth=\"480\" data-origheight=\"270\" src=\"https:\/\/www.youtube.com\/embed\/_UXInbkRzHU?enablejsapi=1&#038;autoplay=0&#038;cc_load_policy=0&#038;cc_lang_pref=&#038;iv_load_policy=1&#038;loop=1&#038;playlist=_UXInbkRzHU&#038;rel=-1&#038;fs=1&#038;playsinline=0&#038;autohide=2&#038;theme=dark&#038;color=red&#038;controls=1&#038;disablekb=0&#038;\" class=\"__youtube_prefs__  no-lazyload\" data-vol=\"0\"  data-epautoplay=\"1\"  title=\"YouTube player\"  allow=\"fullscreen; accelerometer; autoplay; clipboard-write; encrypted-media; gyroscope; picture-in-picture; web-share\" referrerpolicy=\"strict-origin-when-cross-origin\" allowfullscreen data-no-lazy=\"1\" data-skipgform_ajax_framebjll=\"\"><\/iframe><\/div><\/div><\/figure>","protected":false},"excerpt":{"rendered":"<p>Asomarse, volver a ver lo ya visto mil veces, el placer de asombrarse en lo ya conocido.  Justo en el v\u00e9rtice en el que se encuentran el Suqu\u00eda y la Ca\u00f1ada. Una esquina de esas cuadras que por  muchos a\u00f1os camin\u00e9 acelerando el  paso,  en la que se levantan grandes muros casi sin ventanas que le dan la espalda a uno de los r\u00edos m\u00e1s importantes de nuestra provincia.<br \/>\nLas Heras y Mariano Fragueiro C\u00f3rdoba, Argentina.<br \/>\nAbril &#8211; 2021. <\/p>\n","protected":false},"author":1,"featured_media":251,"comment_status":"open","ping_status":"closed","sticky":false,"template":"","format":"standard","meta":{"_jetpack_memberships_contains_paid_content":false,"footnotes":""},"categories":[4,8],"tags":[11,12,13,10,14],"class_list":["post-238","post","type-post","status-publish","format-standard","has-post-thumbnail","hentry","category-afuera","category-serie-urbana","tag-arteurbano","tag-cid","tag-cordoba","tag-mural","tag-pintura"],"jetpack_featured_media_url":"https:\/\/www.ceciliademedeiros.com.ar\/wordpress\/wp-content\/uploads\/2021\/04\/Prueba-web-5-scaled.jpg","jetpack_sharing_enabled":true,"_links":{"self":[{"href":"https:\/\/www.ceciliademedeiros.com.ar\/wordpress\/wp-json\/wp\/v2\/posts\/238","targetHints":{"allow":["GET"]}}],"collection":[{"href":"https:\/\/www.ceciliademedeiros.com.ar\/wordpress\/wp-json\/wp\/v2\/posts"}],"about":[{"href":"https:\/\/www.ceciliademedeiros.com.ar\/wordpress\/wp-json\/wp\/v2\/types\/post"}],"author":[{"embeddable":true,"href":"https:\/\/www.ceciliademedeiros.com.ar\/wordpress\/wp-json\/wp\/v2\/users\/1"}],"replies":[{"embeddable":true,"href":"https:\/\/www.ceciliademedeiros.com.ar\/wordpress\/wp-json\/wp\/v2\/comments?post=238"}],"version-history":[{"count":3,"href":"https:\/\/www.ceciliademedeiros.com.ar\/wordpress\/wp-json\/wp\/v2\/posts\/238\/revisions"}],"predecessor-version":[{"id":247,"href":"https:\/\/www.ceciliademedeiros.com.ar\/wordpress\/wp-json\/wp\/v2\/posts\/238\/revisions\/247"}],"wp:featuredmedia":[{"embeddable":true,"href":"https:\/\/www.ceciliademedeiros.com.ar\/wordpress\/wp-json\/wp\/v2\/media\/251"}],"wp:attachment":[{"href":"https:\/\/www.ceciliademedeiros.com.ar\/wordpress\/wp-json\/wp\/v2\/media?parent=238"}],"wp:term":[{"taxonomy":"category","embeddable":true,"href":"https:\/\/www.ceciliademedeiros.com.ar\/wordpress\/wp-json\/wp\/v2\/categories?post=238"},{"taxonomy":"post_tag","embeddable":true,"href":"https:\/\/www.ceciliademedeiros.com.ar\/wordpress\/wp-json\/wp\/v2\/tags?post=238"}],"curies":[{"name":"wp","href":"https:\/\/api.w.org\/{rel}","templated":true}]}}